{"id":1,"name":"Alican Keser","url":"http:\/\/www.alicankeser.com","description":"Ben Alican Keser. Spor ileti\u015fimi ve spor end\u00fcstrisi alan\u0131nda 15 y\u0131la yak\u0131n deneyime sahip bir ileti\u015fim profesyoneliyim. Kariyerim boyunca T\u00fcrkiye'nin \u00f6nde gelen markalar\u0131 ve kurumlar\u0131nda ; ulusal ve uluslararas\u0131 markalarla \u00e7e\u015fitli projeler y\u00fcr\u00fctt\u00fcm.\r\n\r\nUzmanl\u0131k alanlar\u0131m aras\u0131nda spor ileti\u015fimi, kriz ileti\u015fimi, marka y\u00f6netimi ve i\u00e7erik stratejisi yer al\u0131yor. \r\n\r\nSpor end\u00fcstrisinde stratejik ileti\u015fim \u00e7\u00f6z\u00fcmleri geli\u015ftiriyorum.","link":"https:\/\/alicankeser.com\/index.php\/author\/admin\/","slug":"admin","avatar_urls":{"24":"https:\/\/alicankeser.com\/wp-content\/litespeed\/avatar\/ccbdde366a27f14fcd22dc715d4d2d9d.jpg?ver=1776964992","48":"https:\/\/alicankeser.com\/wp-content\/litespeed\/avatar\/9313425f143ed8f86a68573dab807332.jpg?ver=1776964992","96":"https:\/\/alicankeser.com\/wp-content\/litespeed\/avatar\/cca6d64558f1fd35865c615f50fa65ec.jpg?ver=1777456667"},"meta":{"jetpack_donation_warning_dismissed":false},"yoast_head":"<!-- This site is optimized with the Yoast SEO plugin v27.4 - https:\/\/yoast.com\/product\/yoast-seo-wordpress\/ -->\n<title>Alican Keser<\/title>\n<meta name=\"description\" content=\"Ben Alican Keser. Spor ileti\u015fimi ve spor end\u00fcstrisi alan\u0131nda 15 y\u0131la yak\u0131n deneyime sahip bir ileti\u015fim profesyoneliyim. Kariyerim boyunca T\u00fcrkiye&#039;nin \u00f6nde gelen markalar\u0131 ve kurumlar\u0131nda ; ulusal ve uluslararas\u0131 markalarla \u00e7e\u015fitli projeler y\u00fcr\u00fctt\u00fcm. Uzmanl\u0131k alanlar\u0131m aras\u0131nda spor ileti\u015fimi, kriz ileti\u015fimi, marka y\u00f6netimi ve i\u00e7erik stratejisi yer al\u0131yor. Spor end\u00fcstrisinde stratejik ileti\u015fim \u00e7\u00f6z\u00fcmleri geli\u015ftiriyorum.\" \/>\n<meta name=\"robots\" content=\"index, follow, max-snippet:-1, max-image-preview:large, max-video-preview:-1\" \/>\n<link rel=\"canonical\" href=\"https:\/\/alicankeser.com\/index.php\/author\/admin\/\" \/>\n<meta property=\"og:locale\" content=\"tr_TR\" \/>\n<meta property=\"og:type\" content=\"profile\" \/>\n<meta property=\"og:title\" content=\"Alican Keser\" \/>\n<meta property=\"og:description\" content=\"Ben Alican Keser. Spor ileti\u015fimi ve spor end\u00fcstrisi alan\u0131nda 15 y\u0131la yak\u0131n deneyime sahip bir ileti\u015fim profesyoneliyim. Kariyerim boyunca T\u00fcrkiye&#039;nin \u00f6nde gelen markalar\u0131 ve kurumlar\u0131nda ; ulusal ve uluslararas\u0131 markalarla \u00e7e\u015fitli projeler y\u00fcr\u00fctt\u00fcm. Uzmanl\u0131k alanlar\u0131m aras\u0131nda spor ileti\u015fimi, kriz ileti\u015fimi, marka y\u00f6netimi ve i\u00e7erik stratejisi yer al\u0131yor. Spor end\u00fcstrisinde stratejik ileti\u015fim \u00e7\u00f6z\u00fcmleri geli\u015ftiriyorum.\" \/>\n<meta property=\"og:url\" content=\"https:\/\/alicankeser.com\/index.php\/author\/admin\/\" \/>\n<meta property=\"og:site_name\" content=\"Spor End&uuml;strisinden Notlar\" \/>\n<meta property=\"og:image\" content=\"https:\/\/alicankeser.com\/wp-content\/litespeed\/avatar\/5042c0c3e275bcbe00c4265f9b2a25e2.jpg?ver=1768850074\" \/>\n<meta name=\"twitter:card\" content=\"summary_large_image\" \/>\n<meta name=\"twitter:site\" content=\"@alicankeser\" \/>\n<script type=\"application\/ld+json\" class=\"yoast-schema-graph\">{\"@context\":\"https:\\\/\\\/schema.org\",\"@graph\":[{\"@type\":\"ProfilePage\",\"@id\":\"https:\\\/\\\/alicankeser.com\\\/index.php\\\/author\\\/admin\\\/\",\"url\":\"https:\\\/\\\/alicankeser.com\\\/index.php\\\/author\\\/admin\\\/\",\"name\":\"Alican Keser\",\"isPartOf\":{\"@id\":\"https:\\\/\\\/alicankeser.com\\\/#website\"},\"description\":\"Ben Alican Keser. Spor ileti\u015fimi ve spor end\u00fcstrisi alan\u0131nda 15 y\u0131la yak\u0131n deneyime sahip bir ileti\u015fim profesyoneliyim. Kariyerim boyunca T\u00fcrkiye'nin \u00f6nde gelen markalar\u0131 ve kurumlar\u0131nda ; ulusal ve uluslararas\u0131 markalarla \u00e7e\u015fitli projeler y\u00fcr\u00fctt\u00fcm. Uzmanl\u0131k alanlar\u0131m aras\u0131nda spor ileti\u015fimi, kriz ileti\u015fimi, marka y\u00f6netimi ve i\u00e7erik stratejisi yer al\u0131yor. Spor end\u00fcstrisinde stratejik ileti\u015fim \u00e7\u00f6z\u00fcmleri geli\u015ftiriyorum.\",\"breadcrumb\":{\"@id\":\"https:\\\/\\\/alicankeser.com\\\/index.php\\\/author\\\/admin\\\/#breadcrumb\"},\"inLanguage\":\"tr\",\"potentialAction\":[{\"@type\":\"ReadAction\",\"target\":[\"https:\\\/\\\/alicankeser.com\\\/index.php\\\/author\\\/admin\\\/\"]}]},{\"@type\":\"BreadcrumbList\",\"@id\":\"https:\\\/\\\/alicankeser.com\\\/index.php\\\/author\\\/admin\\\/#breadcrumb\",\"itemListElement\":[{\"@type\":\"ListItem\",\"position\":1,\"name\":\"Anasayfa\",\"item\":\"https:\\\/\\\/alicankeser.com\\\/\"},{\"@type\":\"ListItem\",\"position\":2,\"name\":\"Ar\u015fiv Alican Keser\"}]},{\"@type\":\"WebSite\",\"@id\":\"https:\\\/\\\/alicankeser.com\\\/#website\",\"url\":\"https:\\\/\\\/alicankeser.com\\\/\",\"name\":\"Spor End\u00fcstrisinden Notlar\",\"description\":\"Alican Keser\",\"potentialAction\":[{\"@type\":\"SearchAction\",\"target\":{\"@type\":\"EntryPoint\",\"urlTemplate\":\"https:\\\/\\\/alicankeser.com\\\/?s={search_term_string}\"},\"query-input\":{\"@type\":\"PropertyValueSpecification\",\"valueRequired\":true,\"valueName\":\"search_term_string\"}}],\"inLanguage\":\"tr\"},{\"@type\":\"Person\",\"@id\":\"https:\\\/\\\/alicankeser.com\\\/#\\\/schema\\\/person\\\/d48ad4b704e4429e88178dc29fe7e782\",\"name\":\"Alican Keser\",\"image\":{\"@type\":\"ImageObject\",\"inLanguage\":\"tr\",\"@id\":\"https:\\\/\\\/alicankeser.com\\\/wp-content\\\/litespeed\\\/avatar\\\/cca6d64558f1fd35865c615f50fa65ec.jpg?ver=1777456667\",\"url\":\"https:\\\/\\\/alicankeser.com\\\/wp-content\\\/litespeed\\\/avatar\\\/cca6d64558f1fd35865c615f50fa65ec.jpg?ver=1777456667\",\"contentUrl\":\"https:\\\/\\\/alicankeser.com\\\/wp-content\\\/litespeed\\\/avatar\\\/cca6d64558f1fd35865c615f50fa65ec.jpg?ver=1777456667\",\"caption\":\"Alican Keser\"},\"description\":\"Ben Alican Keser. Spor ileti\u015fimi ve spor end\u00fcstrisi alan\u0131nda 15 y\u0131la yak\u0131n deneyime sahip bir ileti\u015fim profesyoneliyim. Kariyerim boyunca T\u00fcrkiye'nin \u00f6nde gelen markalar\u0131 ve kurumlar\u0131nda ; ulusal ve uluslararas\u0131 markalarla \u00e7e\u015fitli projeler y\u00fcr\u00fctt\u00fcm. Uzmanl\u0131k alanlar\u0131m aras\u0131nda spor ileti\u015fimi, kriz ileti\u015fimi, marka y\u00f6netimi ve i\u00e7erik stratejisi yer al\u0131yor. Spor end\u00fcstrisinde stratejik ileti\u015fim \u00e7\u00f6z\u00fcmleri geli\u015ftiriyorum.\",\"sameAs\":[\"http:\\\/\\\/www.alicankeser.com\"],\"mainEntityOfPage\":{\"@id\":\"https:\\\/\\\/alicankeser.com\\\/index.php\\\/author\\\/admin\\\/\"}}]}<\/script>\n<!-- \/ Yoast SEO plugin. -->","yoast_head_json":{"title":"Alican Keser","description":"Ben Alican Keser. Spor ileti\u015fimi ve spor end\u00fcstrisi alan\u0131nda 15 y\u0131la yak\u0131n deneyime sahip bir ileti\u015fim profesyoneliyim. Kariyerim boyunca T\u00fcrkiye'nin \u00f6nde gelen markalar\u0131 ve kurumlar\u0131nda ; ulusal ve uluslararas\u0131 markalarla \u00e7e\u015fitli projeler y\u00fcr\u00fctt\u00fcm. Uzmanl\u0131k alanlar\u0131m aras\u0131nda spor ileti\u015fimi, kriz ileti\u015fimi, marka y\u00f6netimi ve i\u00e7erik stratejisi yer al\u0131yor. Spor end\u00fcstrisinde stratejik ileti\u015fim \u00e7\u00f6z\u00fcmleri geli\u015ftiriyorum.","robots":{"index":"index","follow":"follow","max-snippet":"max-snippet:-1","max-image-preview":"max-image-preview:large","max-video-preview":"max-video-preview:-1"},"canonical":"https:\/\/alicankeser.com\/index.php\/author\/admin\/","og_locale":"tr_TR","og_type":"profile","og_title":"Alican Keser","og_description":"Ben Alican Keser. Spor ileti\u015fimi ve spor end\u00fcstrisi alan\u0131nda 15 y\u0131la yak\u0131n deneyime sahip bir ileti\u015fim profesyoneliyim. Kariyerim boyunca T\u00fcrkiye'nin \u00f6nde gelen markalar\u0131 ve kurumlar\u0131nda ; ulusal ve uluslararas\u0131 markalarla \u00e7e\u015fitli projeler y\u00fcr\u00fctt\u00fcm. Uzmanl\u0131k alanlar\u0131m aras\u0131nda spor ileti\u015fimi, kriz ileti\u015fimi, marka y\u00f6netimi ve i\u00e7erik stratejisi yer al\u0131yor. Spor end\u00fcstrisinde stratejik ileti\u015fim \u00e7\u00f6z\u00fcmleri geli\u015ftiriyorum.","og_url":"https:\/\/alicankeser.com\/index.php\/author\/admin\/","og_site_name":"Spor End&uuml;strisinden Notlar","og_image":[{"url":"https:\/\/alicankeser.com\/wp-content\/litespeed\/avatar\/5042c0c3e275bcbe00c4265f9b2a25e2.jpg?ver=1768850074","type":"","width":"","height":""}],"twitter_card":"summary_large_image","twitter_site":"@alicankeser","schema":{"@context":"https:\/\/schema.org","@graph":[{"@type":"ProfilePage","@id":"https:\/\/alicankeser.com\/index.php\/author\/admin\/","url":"https:\/\/alicankeser.com\/index.php\/author\/admin\/","name":"Alican Keser","isPartOf":{"@id":"https:\/\/alicankeser.com\/#website"},"description":"Ben Alican Keser. Spor ileti\u015fimi ve spor end\u00fcstrisi alan\u0131nda 15 y\u0131la yak\u0131n deneyime sahip bir ileti\u015fim profesyoneliyim. Kariyerim boyunca T\u00fcrkiye'nin \u00f6nde gelen markalar\u0131 ve kurumlar\u0131nda ; ulusal ve uluslararas\u0131 markalarla \u00e7e\u015fitli projeler y\u00fcr\u00fctt\u00fcm. Uzmanl\u0131k alanlar\u0131m aras\u0131nda spor ileti\u015fimi, kriz ileti\u015fimi, marka y\u00f6netimi ve i\u00e7erik stratejisi yer al\u0131yor. Spor end\u00fcstrisinde stratejik ileti\u015fim \u00e7\u00f6z\u00fcmleri geli\u015ftiriyorum.","breadcrumb":{"@id":"https:\/\/alicankeser.com\/index.php\/author\/admin\/#breadcrumb"},"inLanguage":"tr","potentialAction":[{"@type":"ReadAction","target":["https:\/\/alicankeser.com\/index.php\/author\/admin\/"]}]},{"@type":"BreadcrumbList","@id":"https:\/\/alicankeser.com\/index.php\/author\/admin\/#breadcrumb","itemListElement":[{"@type":"ListItem","position":1,"name":"Anasayfa","item":"https:\/\/alicankeser.com\/"},{"@type":"ListItem","position":2,"name":"Ar\u015fiv Alican Keser"}]},{"@type":"WebSite","@id":"https:\/\/alicankeser.com\/#website","url":"https:\/\/alicankeser.com\/","name":"Spor End\u00fcstrisinden Notlar","description":"Alican Keser","potentialAction":[{"@type":"SearchAction","target":{"@type":"EntryPoint","urlTemplate":"https:\/\/alicankeser.com\/?s={search_term_string}"},"query-input":{"@type":"PropertyValueSpecification","valueRequired":true,"valueName":"search_term_string"}}],"inLanguage":"tr"},{"@type":"Person","@id":"https:\/\/alicankeser.com\/#\/schema\/person\/d48ad4b704e4429e88178dc29fe7e782","name":"Alican Keser","image":{"@type":"ImageObject","inLanguage":"tr","@id":"https:\/\/alicankeser.com\/wp-content\/litespeed\/avatar\/cca6d64558f1fd35865c615f50fa65ec.jpg?ver=1777456667","url":"https:\/\/alicankeser.com\/wp-content\/litespeed\/avatar\/cca6d64558f1fd35865c615f50fa65ec.jpg?ver=1777456667","contentUrl":"https:\/\/alicankeser.com\/wp-content\/litespeed\/avatar\/cca6d64558f1fd35865c615f50fa65ec.jpg?ver=1777456667","caption":"Alican Keser"},"description":"Ben Alican Keser. Spor ileti\u015fimi ve spor end\u00fcstrisi alan\u0131nda 15 y\u0131la yak\u0131n deneyime sahip bir ileti\u015fim profesyoneliyim. Kariyerim boyunca T\u00fcrkiye'nin \u00f6nde gelen markalar\u0131 ve kurumlar\u0131nda ; ulusal ve uluslararas\u0131 markalarla \u00e7e\u015fitli projeler y\u00fcr\u00fctt\u00fcm. Uzmanl\u0131k alanlar\u0131m aras\u0131nda spor ileti\u015fimi, kriz ileti\u015fimi, marka y\u00f6netimi ve i\u00e7erik stratejisi yer al\u0131yor. Spor end\u00fcstrisinde stratejik ileti\u015fim \u00e7\u00f6z\u00fcmleri geli\u015ftiriyorum.","sameAs":["http:\/\/www.alicankeser.com"],"mainEntityOfPage":{"@id":"https:\/\/alicankeser.com\/index.php\/author\/admin\/"}}]}},"_links":{"self":[{"href":"https:\/\/alicankeser.com\/index.php\/wp-json\/wp\/v2\/users\/1","targetHints":{"allow":["GET"]}}],"collection":[{"href":"https:\/\/alicankeser.com\/index.php\/wp-json\/wp\/v2\/users"}]}}